{"id":831,"date":"2021-08-11T07:50:05","date_gmt":"2021-08-11T07:50:05","guid":{"rendered":"https:\/\/nmbm.biz\/sitio\/?p=831"},"modified":"2022-03-06T18:30:40","modified_gmt":"2022-03-06T18:30:40","slug":"o-webgescom-chegou-a-peniche","status":"publish","type":"post","link":"https:\/\/blog.webgescom.pt\/blog\/o-webgescom-chegou-a-peniche\/","title":{"rendered":"O Webgescom Fatura\u00e7\u00e3o chegou a Peniche"},"content":{"rendered":"\n<p>O Webgescom &#8211; Software de Fatura\u00e7\u00e3o online mudou-se para Peniche e, para assinalar essa importante etapa,  as novas ades\u00f5es ao software s\u00f3 come\u00e7am a pagar, a partir de Outubro. Pre\u00e7os a partir de 75 Euros \/ Ano. <strong>Aproveite esta oportunidade<\/strong>. Confira os pre\u00e7os e as funcionalidades <a href=\"https:\/\/nmbm.biz\/sitio\/planos-e-precos-do-webgescom\" data-type=\"page\" data-id=\"800\">aqui<\/a>.<\/p>\n<div class=\"pvc_clear\"><\/div><p id=\"pvc_stats_831\" class=\"pvc_stats all  \" data-element-id=\"831\" style=\"\"><i class=\"pvc-stats-icon small\" aria-hidden=\"true\"><svg aria-hidden=\"true\" focusable=\"false\" data-prefix=\"far\" data-icon=\"chart-bar\" role=\"img\" xmlns=\"http:\/\/www.w3.org\/2000\/svg\" viewBox=\"0 0 512 512\" class=\"svg-inline--fa fa-chart-bar fa-w-16 fa-2x\"><path fill=\"currentColor\" d=\"M396.8 352h22.4c6.4 0 12.8-6.4 12.8-12.8V108.8c0-6.4-6.4-12.8-12.8-12.8h-22.4c-6.4 0-12.8 6.4-12.8 12.8v230.4c0 6.4 6.4 12.8 12.8 12.8zm-192 0h22.4c6.4 0 12.8-6.4 12.8-12.8V140.8c0-6.4-6.4-12.8-12.8-12.8h-22.4c-6.4 0-12.8 6.4-12.8 12.8v198.4c0 6.4 6.4 12.8 12.8 12.8zm96 0h22.4c6.4 0 12.8-6.4 12.8-12.8V204.8c0-6.4-6.4-12.8-12.8-12.8h-22.4c-6.4 0-12.8 6.4-12.8 12.8v134.4c0 6.4 6.4 12.8 12.8 12.8zM496 400H48V80c0-8.84-7.16-16-16-16H16C7.16 64 0 71.16 0 80v336c0 17.67 14.33 32 32 32h464c8.84 0 16-7.16 16-16v-16c0-8.84-7.16-16-16-16zm-387.2-48h22.4c6.4 0 12.8-6.4 12.8-12.8v-70.4c0-6.4-6.4-12.8-12.8-12.8h-22.4c-6.4 0-12.8 6.4-12.8 12.8v70.4c0 6.4 6.4 12.8 12.8 12.8z\" class=\"\"><\/path><\/svg><\/i> <img loading=\"lazy\" decoding=\"async\" width=\"16\" height=\"16\" alt=\"Loading\" src=\"https:\/\/blog.webgescom.pt\/blog\/wp-content\/plugins\/page-views-count\/ajax-loader-2x.gif\" border=0 \/><\/p><div class=\"pvc_clear\"><\/div>","protected":false},"excerpt":{"rendered":"<p>O Webgescom &#8211; Software de Fatura\u00e7\u00e3o online mudou-se para Peniche e, para assinalar essa importante etapa, as novas ades\u00f5es ao software s\u00f3 come\u00e7am a pagar, a partir de Outubro. Pre\u00e7os a partir de 75 Euros \/ Ano. Aproveite esta oportunidade. Confira os pre\u00e7os e as funcionalidades aqui.<\/p>\n<div class=\"pvc_clear\"><\/div>\n<p id=\"pvc_stats_831\" class=\"pvc_stats all  \" data-element-id=\"831\" style=\"\"><i class=\"pvc-stats-icon small\" aria-hidden=\"true\"><svg aria-hidden=\"true\" focusable=\"false\" data-prefix=\"far\" data-icon=\"chart-bar\" role=\"img\" xmlns=\"http:\/\/www.w3.org\/2000\/svg\" viewBox=\"0 0 512 512\" class=\"svg-inline--fa fa-chart-bar fa-w-16 fa-2x\"><path fill=\"currentColor\" d=\"M396.8 352h22.4c6.4 0 12.8-6.4 12.8-12.8V108.8c0-6.4-6.4-12.8-12.8-12.8h-22.4c-6.4 0-12.8 6.4-12.8 12.8v230.4c0 6.4 6.4 12.8 12.8 12.8zm-192 0h22.4c6.4 0 12.8-6.4 12.8-12.8V140.8c0-6.4-6.4-12.8-12.8-12.8h-22.4c-6.4 0-12.8 6.4-12.8 12.8v198.4c0 6.4 6.4 12.8 12.8 12.8zm96 0h22.4c6.4 0 12.8-6.4 12.8-12.8V204.8c0-6.4-6.4-12.8-12.8-12.8h-22.4c-6.4 0-12.8 6.4-12.8 12.8v134.4c0 6.4 6.4 12.8 12.8 12.8zM496 400H48V80c0-8.84-7.16-16-16-16H16C7.16 64 0 71.16 0 80v336c0 17.67 14.33 32 32 32h464c8.84 0 16-7.16 16-16v-16c0-8.84-7.16-16-16-16zm-387.2-48h22.4c6.4 0 12.8-6.4 12.8-12.8v-70.4c0-6.4-6.4-12.8-12.8-12.8h-22.4c-6.4 0-12.8 6.4-12.8 12.8v70.4c0 6.4 6.4 12.8 12.8 12.8z\" class=\"\"><\/path><\/svg><\/i> <img loading=\"lazy\" decoding=\"async\" width=\"16\" height=\"16\" alt=\"Loading\" src=\"https:\/\/blog.webgescom.pt\/blog\/wp-content\/plugins\/page-views-count\/ajax-loader-2x.gif\" border=0 \/><\/p>\n<div class=\"pvc_clear\"><\/div>\n","protected":false},"author":1,"featured_media":833,"comment_status":"open","ping_status":"open","sticky":false,"template":"","format":"standard","meta":{"neve_meta_sidebar":"","neve_meta_container":"","neve_meta_enable_content_width":"","neve_meta_content_width":0,"neve_meta_title_alignment":"","neve_meta_author_avatar":"","neve_post_elements_order":"","neve_meta_disable_header":"","neve_meta_disable_footer":"","neve_meta_disable_title":"","footnotes":""},"categories":[173],"tags":[178,180,119,46,174,57,176,179,175,177],"class_list":["post-831","post","type-post","status-publish","format-standard","has-post-thumbnail","hentry","category-faturacao","tag-bombarral","tag-caldas-da-rainha","tag-faturacao","tag-faturacao-movel","tag-faturacao-online","tag-faturas-no-telemovel","tag-lourinha","tag-obidos","tag-peniche","tag-torres-vedras"],"aioseo_notices":[],"a3_pvc":{"activated":true,"total_views":1603,"today_views":0},"_links":{"self":[{"href":"https:\/\/blog.webgescom.pt\/blog\/wp-json\/wp\/v2\/posts\/831","targetHints":{"allow":["GET"]}}],"collection":[{"href":"https:\/\/blog.webgescom.pt\/blog\/wp-json\/wp\/v2\/posts"}],"about":[{"href":"https:\/\/blog.webgescom.pt\/blog\/wp-json\/wp\/v2\/types\/post"}],"author":[{"embeddable":true,"href":"https:\/\/blog.webgescom.pt\/blog\/wp-json\/wp\/v2\/users\/1"}],"replies":[{"embeddable":true,"href":"https:\/\/blog.webgescom.pt\/blog\/wp-json\/wp\/v2\/comments?post=831"}],"version-history":[{"count":3,"href":"https:\/\/blog.webgescom.pt\/blog\/wp-json\/wp\/v2\/posts\/831\/revisions"}],"predecessor-version":[{"id":973,"href":"https:\/\/blog.webgescom.pt\/blog\/wp-json\/wp\/v2\/posts\/831\/revisions\/973"}],"wp:featuredmedia":[{"embeddable":true,"href":"https:\/\/blog.webgescom.pt\/blog\/wp-json\/wp\/v2\/media\/833"}],"wp:attachment":[{"href":"https:\/\/blog.webgescom.pt\/blog\/wp-json\/wp\/v2\/media?parent=831"}],"wp:term":[{"taxonomy":"category","embeddable":true,"href":"https:\/\/blog.webgescom.pt\/blog\/wp-json\/wp\/v2\/categories?post=831"},{"taxonomy":"post_tag","embeddable":true,"href":"https:\/\/blog.webgescom.pt\/blog\/wp-json\/wp\/v2\/tags?post=831"}],"curies":[{"name":"wp","href":"https:\/\/api.w.org\/{rel}","templated":true}]}}