{"id":490,"date":"2019-03-24T00:06:36","date_gmt":"2019-03-24T00:06:36","guid":{"rendered":"https:\/\/nmbm.biz\/sitio\/?p=490"},"modified":"2019-03-25T10:24:16","modified_gmt":"2019-03-25T10:24:16","slug":"anular-documentos-no-webgescom","status":"publish","type":"post","link":"https:\/\/blog.webgescom.pt\/blog\/anular-documentos-no-webgescom\/","title":{"rendered":"Anular Documentos no WEBGESCOM"},"content":{"rendered":"\n<p>O software de fatura\u00e7\u00e3o WEBGESCOM sofreu, esta noite, uma actualiza\u00e7\u00e3o relativa ao comportamento do programa, quando se trata de anular faturas, faturas-recibo ou faturas simplificadas.<\/p>\n\n\n\n<figure class=\"wp-block-image\"><img loading=\"lazy\" decoding=\"async\" width=\"1024\" height=\"465\" src=\"https:\/\/nmbm.biz\/sitio\/wp-content\/uploads\/2019\/03\/anular-doc-1024x465.jpg\" alt=\"Fatura anulada\" class=\"wp-image-491\" srcset=\"https:\/\/blog.webgescom.pt\/blog\/wp-content\/uploads\/2019\/03\/anular-doc-1024x465.jpg 1024w, https:\/\/blog.webgescom.pt\/blog\/wp-content\/uploads\/2019\/03\/anular-doc-300x136.jpg 300w, https:\/\/blog.webgescom.pt\/blog\/wp-content\/uploads\/2019\/03\/anular-doc-768x349.jpg 768w, https:\/\/blog.webgescom.pt\/blog\/wp-content\/uploads\/2019\/03\/anular-doc.jpg 1100w\" sizes=\"auto, (max-width: 1024px) 100vw, 1024px\" \/><figcaption>Exemplo de uma Fatura a ser anulada. Neste caso, n\u00e3o seria gerada Nota de Cr\u00e9dito<\/figcaption><\/figure>\n\n\n\n<p>At\u00e9 ao momento, o processo de anular uma factura dava sempre origem \u00e0 emiss\u00e3o de uma nota de cr\u00e9dito. A partir desta actualiza\u00e7\u00e3o, a nota de cr\u00e9dito s\u00f3 ser\u00e1 emitida <strong>se a fatura j\u00e1 tiver sido impressa ou o documento j\u00e1 tiver sido comunicado \u00e0 Autoridade Tribut\u00e1ria, atrav\u00e9s do ficheiro SAF-T<\/strong>. Caso nenhuma destas preposi\u00e7\u00f5es se verifique, o documento \u00e9 marcado como anulado e comunicado \u00e0 Autoridade Tribut\u00e1ria na condi\u00e7\u00e3o de <em>Anulado<\/em> (InvoiceStatus=A).<\/p>\n\n\n\n<p class=\"has-background has-very-light-gray-background-color\">O documento \u00e9 considerado impresso, <strong>a partir do momento em que o ficheiro PDF \u00e9 gerado<\/strong>. Da mesma forma, o documento \u00e9 considerado como comunicado \u00e0 Autoridade Tribut\u00e1ria, <strong>quando o ficheiro SAF-T do per\u00edodo que o engloba \u00e9 gerado<\/strong>.<\/p>\n\n\n\n<p><br><\/p>\n<div class=\"pvc_clear\"><\/div><p id=\"pvc_stats_490\" class=\"pvc_stats all  \" data-element-id=\"490\" style=\"\"><i class=\"pvc-stats-icon small\" aria-hidden=\"true\"><svg aria-hidden=\"true\" focusable=\"false\" data-prefix=\"far\" data-icon=\"chart-bar\" role=\"img\" xmlns=\"http:\/\/www.w3.org\/2000\/svg\" viewBox=\"0 0 512 512\" class=\"svg-inline--fa fa-chart-bar fa-w-16 fa-2x\"><path fill=\"currentColor\" d=\"M396.8 352h22.4c6.4 0 12.8-6.4 12.8-12.8V108.8c0-6.4-6.4-12.8-12.8-12.8h-22.4c-6.4 0-12.8 6.4-12.8 12.8v230.4c0 6.4 6.4 12.8 12.8 12.8zm-192 0h22.4c6.4 0 12.8-6.4 12.8-12.8V140.8c0-6.4-6.4-12.8-12.8-12.8h-22.4c-6.4 0-12.8 6.4-12.8 12.8v198.4c0 6.4 6.4 12.8 12.8 12.8zm96 0h22.4c6.4 0 12.8-6.4 12.8-12.8V204.8c0-6.4-6.4-12.8-12.8-12.8h-22.4c-6.4 0-12.8 6.4-12.8 12.8v134.4c0 6.4 6.4 12.8 12.8 12.8zM496 400H48V80c0-8.84-7.16-16-16-16H16C7.16 64 0 71.16 0 80v336c0 17.67 14.33 32 32 32h464c8.84 0 16-7.16 16-16v-16c0-8.84-7.16-16-16-16zm-387.2-48h22.4c6.4 0 12.8-6.4 12.8-12.8v-70.4c0-6.4-6.4-12.8-12.8-12.8h-22.4c-6.4 0-12.8 6.4-12.8 12.8v70.4c0 6.4 6.4 12.8 12.8 12.8z\" class=\"\"><\/path><\/svg><\/i> <img loading=\"lazy\" decoding=\"async\" width=\"16\" height=\"16\" alt=\"Loading\" src=\"https:\/\/blog.webgescom.pt\/blog\/wp-content\/plugins\/page-views-count\/ajax-loader-2x.gif\" border=0 \/><\/p><div class=\"pvc_clear\"><\/div>","protected":false},"excerpt":{"rendered":"<p>A partir desta actualiza\u00e7\u00e3o, a nota de cr\u00e9dito s\u00f3 ser\u00e1 emitida se a fatura j\u00e1 tiver sido impressa ou o documento j\u00e1 tiver sido comunicado \u00e0 Autoridade Tribut\u00e1ria, atrav\u00e9s do ficheiro SAF-T.<\/p>\n<div class=\"pvc_clear\"><\/div>\n<p id=\"pvc_stats_490\" class=\"pvc_stats all  \" data-element-id=\"490\" style=\"\"><i class=\"pvc-stats-icon small\" aria-hidden=\"true\"><svg aria-hidden=\"true\" focusable=\"false\" data-prefix=\"far\" data-icon=\"chart-bar\" role=\"img\" xmlns=\"http:\/\/www.w3.org\/2000\/svg\" viewBox=\"0 0 512 512\" class=\"svg-inline--fa fa-chart-bar fa-w-16 fa-2x\"><path fill=\"currentColor\" d=\"M396.8 352h22.4c6.4 0 12.8-6.4 12.8-12.8V108.8c0-6.4-6.4-12.8-12.8-12.8h-22.4c-6.4 0-12.8 6.4-12.8 12.8v230.4c0 6.4 6.4 12.8 12.8 12.8zm-192 0h22.4c6.4 0 12.8-6.4 12.8-12.8V140.8c0-6.4-6.4-12.8-12.8-12.8h-22.4c-6.4 0-12.8 6.4-12.8 12.8v198.4c0 6.4 6.4 12.8 12.8 12.8zm96 0h22.4c6.4 0 12.8-6.4 12.8-12.8V204.8c0-6.4-6.4-12.8-12.8-12.8h-22.4c-6.4 0-12.8 6.4-12.8 12.8v134.4c0 6.4 6.4 12.8 12.8 12.8zM496 400H48V80c0-8.84-7.16-16-16-16H16C7.16 64 0 71.16 0 80v336c0 17.67 14.33 32 32 32h464c8.84 0 16-7.16 16-16v-16c0-8.84-7.16-16-16-16zm-387.2-48h22.4c6.4 0 12.8-6.4 12.8-12.8v-70.4c0-6.4-6.4-12.8-12.8-12.8h-22.4c-6.4 0-12.8 6.4-12.8 12.8v70.4c0 6.4 6.4 12.8 12.8 12.8z\" class=\"\"><\/path><\/svg><\/i> <img loading=\"lazy\" decoding=\"async\" width=\"16\" height=\"16\" alt=\"Loading\" src=\"https:\/\/blog.webgescom.pt\/blog\/wp-content\/plugins\/page-views-count\/ajax-loader-2x.gif\" border=0 \/><\/p>\n<div class=\"pvc_clear\"><\/div>\n","protected":false},"author":1,"featured_media":0,"comment_status":"open","ping_status":"open","sticky":false,"template":"","format":"standard","meta":{"neve_meta_sidebar":"","neve_meta_container":"","neve_meta_enable_content_width":"","neve_meta_content_width":0,"neve_meta_title_alignment":"","neve_meta_author_avatar":"","neve_post_elements_order":"","neve_meta_disable_header":"","neve_meta_disable_footer":"","neve_meta_disable_title":"","footnotes":""},"categories":[4],"tags":[21,109,110,108,107],"class_list":["post-490","post","type-post","status-publish","format-standard","hentry","category-webgescom","tag-autoridade-tributaria","tag-fatura-recibo","tag-fatura-simplificada","tag-faturas","tag-saf-t"],"aioseo_notices":[],"a3_pvc":{"activated":true,"total_views":787,"today_views":0},"_links":{"self":[{"href":"https:\/\/blog.webgescom.pt\/blog\/wp-json\/wp\/v2\/posts\/490","targetHints":{"allow":["GET"]}}],"collection":[{"href":"https:\/\/blog.webgescom.pt\/blog\/wp-json\/wp\/v2\/posts"}],"about":[{"href":"https:\/\/blog.webgescom.pt\/blog\/wp-json\/wp\/v2\/types\/post"}],"author":[{"embeddable":true,"href":"https:\/\/blog.webgescom.pt\/blog\/wp-json\/wp\/v2\/users\/1"}],"replies":[{"embeddable":true,"href":"https:\/\/blog.webgescom.pt\/blog\/wp-json\/wp\/v2\/comments?post=490"}],"version-history":[{"count":2,"href":"https:\/\/blog.webgescom.pt\/blog\/wp-json\/wp\/v2\/posts\/490\/revisions"}],"predecessor-version":[{"id":501,"href":"https:\/\/blog.webgescom.pt\/blog\/wp-json\/wp\/v2\/posts\/490\/revisions\/501"}],"wp:attachment":[{"href":"https:\/\/blog.webgescom.pt\/blog\/wp-json\/wp\/v2\/media?parent=490"}],"wp:term":[{"taxonomy":"category","embeddable":true,"href":"https:\/\/blog.webgescom.pt\/blog\/wp-json\/wp\/v2\/categories?post=490"},{"taxonomy":"post_tag","embeddable":true,"href":"https:\/\/blog.webgescom.pt\/blog\/wp-json\/wp\/v2\/tags?post=490"}],"curies":[{"name":"wp","href":"https:\/\/api.w.org\/{rel}","templated":true}]}}