{"id":1235,"date":"2025-10-31T19:29:00","date_gmt":"2025-10-31T19:29:00","guid":{"rendered":"https:\/\/blog.webgescom.pt\/blog\/?p=1235"},"modified":"2025-10-31T19:29:01","modified_gmt":"2025-10-31T19:29:01","slug":"numeros-de-telefone-ou-telemovel-nos-documentos-do-webgescom","status":"publish","type":"post","link":"https:\/\/blog.webgescom.pt\/blog\/numeros-de-telefone-ou-telemovel-nos-documentos-do-webgescom\/","title":{"rendered":"N\u00fameros de Telefone ou Telem\u00f3vel nos documentos do WEBGESCOM"},"content":{"rendered":"\n<p>Com a entrada em vigor do Decreto lei n\u00famero 59\/2021, o sistema de fatura\u00e7\u00e3o WEBGESCOM deixou de exibir, de forma autom\u00e1tica, os n\u00fameros de telefone da Firma (empresa\/empres\u00e1rio). Tal a\u00e7\u00e3o foi necess\u00e1ria para evitar as infra\u00e7\u00f5es decorrentes da falta das express\u00f5es &#8220;Chamada para a Rede Fixa Nacional&#8221; ou &#8220;Chamada para a Rede M\u00f3vel Nacional&#8221;, associadas aos n\u00fameros de telefone exibidos nas faturas ou outros documentos do WEBGESCOM.<\/p>\n\n\n\n<p>Com a mais recente atualiza\u00e7\u00e3o do sistema, j\u00e1 \u00e9 poss\u00edvel definir os n\u00fameros de contacto da Firma, de forma a que sejam exibidas com a respetiva legenda.<\/p>\n\n\n\n<figure class=\"wp-block-image size-full\"><img loading=\"lazy\" decoding=\"async\" width=\"310\" height=\"105\" src=\"https:\/\/blog.webgescom.pt\/blog\/wp-content\/uploads\/2025\/10\/imagem.png\" alt=\"Op\u00e7\u00e3o altera\u00e7\u00e3o dados da Firma\" class=\"wp-image-1236\" srcset=\"https:\/\/blog.webgescom.pt\/blog\/wp-content\/uploads\/2025\/10\/imagem.png 310w, https:\/\/blog.webgescom.pt\/blog\/wp-content\/uploads\/2025\/10\/imagem-300x102.png 300w\" sizes=\"auto, (max-width: 310px) 100vw, 310px\" \/><figcaption class=\"wp-element-caption\"><em><sub>op\u00e7\u00e3o Alterar Dados da Firma<\/sub><\/em><\/figcaption><\/figure>\n\n\n\n<p>Aceda ao ecr\u00e3 <strong>Manuten\u00e7\u00e3o<\/strong> e escolha <strong>Alterar Dados da Firma<\/strong>. Preencha os campos do telefone, <strong>associando corretamente<\/strong> o <strong>telefone Fixo<\/strong> e o <strong>telefone M\u00f3vel<\/strong>.E&#8230; j\u00e1 est\u00e1! Ao emitir os documentos, o sistema afixa a respetiva legenda de forma autom\u00e1tica.<\/p>\n\n\n\n<figure class=\"wp-block-image size-large\"><img loading=\"lazy\" decoding=\"async\" width=\"1024\" height=\"40\" src=\"https:\/\/blog.webgescom.pt\/blog\/wp-content\/uploads\/2025\/10\/imagem-1-1024x40.png\" alt=\"Campos para o Telefone Fixo e o Telefone M\u00f3vel\" class=\"wp-image-1237\" srcset=\"https:\/\/blog.webgescom.pt\/blog\/wp-content\/uploads\/2025\/10\/imagem-1-1024x40.png 1024w, https:\/\/blog.webgescom.pt\/blog\/wp-content\/uploads\/2025\/10\/imagem-1-300x12.png 300w, https:\/\/blog.webgescom.pt\/blog\/wp-content\/uploads\/2025\/10\/imagem-1-768x30.png 768w, https:\/\/blog.webgescom.pt\/blog\/wp-content\/uploads\/2025\/10\/imagem-1.png 1173w\" sizes=\"auto, (max-width: 1024px) 100vw, 1024px\" \/><figcaption class=\"wp-element-caption\"><em><sub>Campos para o Telefone Fixo e para o Telefone M\u00f3vel<\/sub><\/em><\/figcaption><\/figure>\n\n\n\n<h5 class=\"wp-block-heading\">Notas<\/h5>\n\n\n\n<ol class=\"wp-block-list\">\n<li>os campos do telefone podem ficar em branco, ou um deles, ficar em branco;<\/li>\n\n\n\n<li>\u00e9 fundamental colocar o n\u00famero de telefone fixo, no campo Telefone Fixo e o n\u00famero de telefone m\u00f3vel, no campo Telefone M\u00f3vel;<\/li>\n\n\n\n<li>Com esta atualiza\u00e7\u00e3o todos os dados constantes nestes dois campos ser\u00e3o eliminados, prevenindo a afixa\u00e7\u00e3o de legendas erradas.<\/li>\n<\/ol>\n<div class=\"pvc_clear\"><\/div><p id=\"pvc_stats_1235\" class=\"pvc_stats all  \" data-element-id=\"1235\" style=\"\"><i class=\"pvc-stats-icon small\" aria-hidden=\"true\"><svg aria-hidden=\"true\" focusable=\"false\" data-prefix=\"far\" data-icon=\"chart-bar\" role=\"img\" xmlns=\"http:\/\/www.w3.org\/2000\/svg\" viewBox=\"0 0 512 512\" class=\"svg-inline--fa fa-chart-bar fa-w-16 fa-2x\"><path fill=\"currentColor\" d=\"M396.8 352h22.4c6.4 0 12.8-6.4 12.8-12.8V108.8c0-6.4-6.4-12.8-12.8-12.8h-22.4c-6.4 0-12.8 6.4-12.8 12.8v230.4c0 6.4 6.4 12.8 12.8 12.8zm-192 0h22.4c6.4 0 12.8-6.4 12.8-12.8V140.8c0-6.4-6.4-12.8-12.8-12.8h-22.4c-6.4 0-12.8 6.4-12.8 12.8v198.4c0 6.4 6.4 12.8 12.8 12.8zm96 0h22.4c6.4 0 12.8-6.4 12.8-12.8V204.8c0-6.4-6.4-12.8-12.8-12.8h-22.4c-6.4 0-12.8 6.4-12.8 12.8v134.4c0 6.4 6.4 12.8 12.8 12.8zM496 400H48V80c0-8.84-7.16-16-16-16H16C7.16 64 0 71.16 0 80v336c0 17.67 14.33 32 32 32h464c8.84 0 16-7.16 16-16v-16c0-8.84-7.16-16-16-16zm-387.2-48h22.4c6.4 0 12.8-6.4 12.8-12.8v-70.4c0-6.4-6.4-12.8-12.8-12.8h-22.4c-6.4 0-12.8 6.4-12.8 12.8v70.4c0 6.4 6.4 12.8 12.8 12.8z\" class=\"\"><\/path><\/svg><\/i> <img loading=\"lazy\" decoding=\"async\" width=\"16\" height=\"16\" alt=\"Loading\" src=\"https:\/\/blog.webgescom.pt\/blog\/wp-content\/plugins\/page-views-count\/ajax-loader-2x.gif\" border=0 \/><\/p><div class=\"pvc_clear\"><\/div>","protected":false},"excerpt":{"rendered":"<p>Com a entrada em vigor do Decreto lei n\u00famero 59\/2021, o sistema de fatura\u00e7\u00e3o WEBGESCOM deixou de exibir, de forma autom\u00e1tica, os n\u00fameros de telefone da Firma (empresa\/empres\u00e1rio). Tal a\u00e7\u00e3o foi necess\u00e1ria para evitar as infra\u00e7\u00f5es decorrentes da falta das express\u00f5es &#8220;Chamada para a Rede Fixa Nacional&#8221; ou &#8220;Chamada para a Rede M\u00f3vel Nacional&#8221;, associadas&hellip;&nbsp;<\/p>\n<div class=\"pvc_clear\"><\/div>\n<p id=\"pvc_stats_1235\" class=\"pvc_stats all  \" data-element-id=\"1235\" style=\"\"><i class=\"pvc-stats-icon small\" aria-hidden=\"true\"><svg aria-hidden=\"true\" focusable=\"false\" data-prefix=\"far\" data-icon=\"chart-bar\" role=\"img\" xmlns=\"http:\/\/www.w3.org\/2000\/svg\" viewBox=\"0 0 512 512\" class=\"svg-inline--fa fa-chart-bar fa-w-16 fa-2x\"><path fill=\"currentColor\" d=\"M396.8 352h22.4c6.4 0 12.8-6.4 12.8-12.8V108.8c0-6.4-6.4-12.8-12.8-12.8h-22.4c-6.4 0-12.8 6.4-12.8 12.8v230.4c0 6.4 6.4 12.8 12.8 12.8zm-192 0h22.4c6.4 0 12.8-6.4 12.8-12.8V140.8c0-6.4-6.4-12.8-12.8-12.8h-22.4c-6.4 0-12.8 6.4-12.8 12.8v198.4c0 6.4 6.4 12.8 12.8 12.8zm96 0h22.4c6.4 0 12.8-6.4 12.8-12.8V204.8c0-6.4-6.4-12.8-12.8-12.8h-22.4c-6.4 0-12.8 6.4-12.8 12.8v134.4c0 6.4 6.4 12.8 12.8 12.8zM496 400H48V80c0-8.84-7.16-16-16-16H16C7.16 64 0 71.16 0 80v336c0 17.67 14.33 32 32 32h464c8.84 0 16-7.16 16-16v-16c0-8.84-7.16-16-16-16zm-387.2-48h22.4c6.4 0 12.8-6.4 12.8-12.8v-70.4c0-6.4-6.4-12.8-12.8-12.8h-22.4c-6.4 0-12.8 6.4-12.8 12.8v70.4c0 6.4 6.4 12.8 12.8 12.8z\" class=\"\"><\/path><\/svg><\/i> <img loading=\"lazy\" decoding=\"async\" width=\"16\" height=\"16\" alt=\"Loading\" src=\"https:\/\/blog.webgescom.pt\/blog\/wp-content\/plugins\/page-views-count\/ajax-loader-2x.gif\" border=0 \/><\/p>\n<div class=\"pvc_clear\"><\/div>\n","protected":false},"author":1,"featured_media":1240,"comment_status":"open","ping_status":"open","sticky":false,"template":"","format":"standard","meta":{"neve_meta_sidebar":"","neve_meta_container":"","neve_meta_enable_content_width":"","neve_meta_content_width":0,"neve_meta_title_alignment":"","neve_meta_author_avatar":"","neve_post_elements_order":"","neve_meta_disable_header":"","neve_meta_disable_footer":"","neve_meta_disable_title":"","footnotes":""},"categories":[173,4],"tags":[256,108,257,99,43],"class_list":["post-1235","post","type-post","status-publish","format-standard","has-post-thumbnail","hentry","category-faturacao","category-webgescom","tag-artigo-59-2021","tag-faturas","tag-numero-de-telefone","tag-software-facturacao","tag-webgescom"],"aioseo_notices":[],"a3_pvc":{"activated":true,"total_views":11,"today_views":0},"_links":{"self":[{"href":"https:\/\/blog.webgescom.pt\/blog\/wp-json\/wp\/v2\/posts\/1235","targetHints":{"allow":["GET"]}}],"collection":[{"href":"https:\/\/blog.webgescom.pt\/blog\/wp-json\/wp\/v2\/posts"}],"about":[{"href":"https:\/\/blog.webgescom.pt\/blog\/wp-json\/wp\/v2\/types\/post"}],"author":[{"embeddable":true,"href":"https:\/\/blog.webgescom.pt\/blog\/wp-json\/wp\/v2\/users\/1"}],"replies":[{"embeddable":true,"href":"https:\/\/blog.webgescom.pt\/blog\/wp-json\/wp\/v2\/comments?post=1235"}],"version-history":[{"count":2,"href":"https:\/\/blog.webgescom.pt\/blog\/wp-json\/wp\/v2\/posts\/1235\/revisions"}],"predecessor-version":[{"id":1239,"href":"https:\/\/blog.webgescom.pt\/blog\/wp-json\/wp\/v2\/posts\/1235\/revisions\/1239"}],"wp:featuredmedia":[{"embeddable":true,"href":"https:\/\/blog.webgescom.pt\/blog\/wp-json\/wp\/v2\/media\/1240"}],"wp:attachment":[{"href":"https:\/\/blog.webgescom.pt\/blog\/wp-json\/wp\/v2\/media?parent=1235"}],"wp:term":[{"taxonomy":"category","embeddable":true,"href":"https:\/\/blog.webgescom.pt\/blog\/wp-json\/wp\/v2\/categories?post=1235"},{"taxonomy":"post_tag","embeddable":true,"href":"https:\/\/blog.webgescom.pt\/blog\/wp-json\/wp\/v2\/tags?post=1235"}],"curies":[{"name":"wp","href":"https:\/\/api.w.org\/{rel}","templated":true}]}}