{"id":1225,"date":"2025-09-09T21:39:53","date_gmt":"2025-09-09T21:39:53","guid":{"rendered":"https:\/\/blog.webgescom.pt\/blog\/?p=1225"},"modified":"2025-09-11T21:50:43","modified_gmt":"2025-09-11T21:50:43","slug":"novo-formato-da-data-no-webgescom","status":"publish","type":"post","link":"https:\/\/blog.webgescom.pt\/blog\/novo-formato-da-data-no-webgescom\/","title":{"rendered":"Novo Formato da Data no WEBGESCOM"},"content":{"rendered":"\n<p>No pr\u00f3ximo dia 14 de Setembro, pelas 00:00 (meia-noite de s\u00e1bado para domingo) o formato da data, nos formul\u00e1rios do sistema de fatura\u00e7\u00e3o, passar\u00e3o a ter o formato DD\/MM\/AAAA, conforme mostra a imagem em baixo.<\/p>\n\n\n\n<figure class=\"wp-block-image size-full\"><img loading=\"lazy\" decoding=\"async\" width=\"863\" height=\"209\" src=\"https:\/\/blog.webgescom.pt\/blog\/wp-content\/uploads\/2025\/09\/formato-data-webgescom-1.png\" alt=\"\" class=\"wp-image-1227\" srcset=\"https:\/\/blog.webgescom.pt\/blog\/wp-content\/uploads\/2025\/09\/formato-data-webgescom-1.png 863w, https:\/\/blog.webgescom.pt\/blog\/wp-content\/uploads\/2025\/09\/formato-data-webgescom-1-300x73.png 300w, https:\/\/blog.webgescom.pt\/blog\/wp-content\/uploads\/2025\/09\/formato-data-webgescom-1-768x186.png 768w\" sizes=\"auto, (max-width: 863px) 100vw, 863px\" \/><\/figure>\n\n\n\n<p>Esta altera\u00e7\u00e3o surge no sentido de permitir ao utilizador, a escolha da data a partir de um calend\u00e1rio. O calend\u00e1rio \u00e9 ativado, ao clicar no \u00edcone destacado a verde.<\/p>\n\n\n\n<figure class=\"wp-block-image size-full\"><img loading=\"lazy\" decoding=\"async\" width=\"739\" height=\"438\" src=\"https:\/\/blog.webgescom.pt\/blog\/wp-content\/uploads\/2025\/09\/formato-data2-webgescom.png\" alt=\"formato data webgescom calend\u00e1rio\" class=\"wp-image-1228\" srcset=\"https:\/\/blog.webgescom.pt\/blog\/wp-content\/uploads\/2025\/09\/formato-data2-webgescom.png 739w, https:\/\/blog.webgescom.pt\/blog\/wp-content\/uploads\/2025\/09\/formato-data2-webgescom-300x178.png 300w\" sizes=\"auto, (max-width: 739px) 100vw, 739px\" \/><\/figure>\n\n\n\n<p>Esta mudan\u00e7a n\u00e3o tem qualquer impacto na forma de redigir e emitir os documentos do sistema de fatura\u00e7\u00e3o.<\/p>\n<div class=\"pvc_clear\"><\/div><p id=\"pvc_stats_1225\" class=\"pvc_stats all  \" data-element-id=\"1225\" style=\"\"><i class=\"pvc-stats-icon small\" aria-hidden=\"true\"><svg aria-hidden=\"true\" focusable=\"false\" data-prefix=\"far\" data-icon=\"chart-bar\" role=\"img\" xmlns=\"http:\/\/www.w3.org\/2000\/svg\" viewBox=\"0 0 512 512\" class=\"svg-inline--fa fa-chart-bar fa-w-16 fa-2x\"><path fill=\"currentColor\" d=\"M396.8 352h22.4c6.4 0 12.8-6.4 12.8-12.8V108.8c0-6.4-6.4-12.8-12.8-12.8h-22.4c-6.4 0-12.8 6.4-12.8 12.8v230.4c0 6.4 6.4 12.8 12.8 12.8zm-192 0h22.4c6.4 0 12.8-6.4 12.8-12.8V140.8c0-6.4-6.4-12.8-12.8-12.8h-22.4c-6.4 0-12.8 6.4-12.8 12.8v198.4c0 6.4 6.4 12.8 12.8 12.8zm96 0h22.4c6.4 0 12.8-6.4 12.8-12.8V204.8c0-6.4-6.4-12.8-12.8-12.8h-22.4c-6.4 0-12.8 6.4-12.8 12.8v134.4c0 6.4 6.4 12.8 12.8 12.8zM496 400H48V80c0-8.84-7.16-16-16-16H16C7.16 64 0 71.16 0 80v336c0 17.67 14.33 32 32 32h464c8.84 0 16-7.16 16-16v-16c0-8.84-7.16-16-16-16zm-387.2-48h22.4c6.4 0 12.8-6.4 12.8-12.8v-70.4c0-6.4-6.4-12.8-12.8-12.8h-22.4c-6.4 0-12.8 6.4-12.8 12.8v70.4c0 6.4 6.4 12.8 12.8 12.8z\" class=\"\"><\/path><\/svg><\/i> <img loading=\"lazy\" decoding=\"async\" width=\"16\" height=\"16\" alt=\"Loading\" src=\"https:\/\/blog.webgescom.pt\/blog\/wp-content\/plugins\/page-views-count\/ajax-loader-2x.gif\" border=0 \/><\/p><div class=\"pvc_clear\"><\/div>","protected":false},"excerpt":{"rendered":"<p>No pr\u00f3ximo dia 14 de Setembro, pelas 00:00 (meia-noite de s\u00e1bado para domingo) o formato da data, nos formul\u00e1rios do sistema de fatura\u00e7\u00e3o, passar\u00e3o a ter o formato DD\/MM\/AAAA, conforme mostra a imagem em baixo. Esta altera\u00e7\u00e3o surge no sentido de permitir ao utilizador, a escolha da data a partir de um calend\u00e1rio. O calend\u00e1rio&hellip;&nbsp;<\/p>\n<div class=\"pvc_clear\"><\/div>\n<p id=\"pvc_stats_1225\" class=\"pvc_stats all  \" data-element-id=\"1225\" style=\"\"><i class=\"pvc-stats-icon small\" aria-hidden=\"true\"><svg aria-hidden=\"true\" focusable=\"false\" data-prefix=\"far\" data-icon=\"chart-bar\" role=\"img\" xmlns=\"http:\/\/www.w3.org\/2000\/svg\" viewBox=\"0 0 512 512\" class=\"svg-inline--fa fa-chart-bar fa-w-16 fa-2x\"><path fill=\"currentColor\" d=\"M396.8 352h22.4c6.4 0 12.8-6.4 12.8-12.8V108.8c0-6.4-6.4-12.8-12.8-12.8h-22.4c-6.4 0-12.8 6.4-12.8 12.8v230.4c0 6.4 6.4 12.8 12.8 12.8zm-192 0h22.4c6.4 0 12.8-6.4 12.8-12.8V140.8c0-6.4-6.4-12.8-12.8-12.8h-22.4c-6.4 0-12.8 6.4-12.8 12.8v198.4c0 6.4 6.4 12.8 12.8 12.8zm96 0h22.4c6.4 0 12.8-6.4 12.8-12.8V204.8c0-6.4-6.4-12.8-12.8-12.8h-22.4c-6.4 0-12.8 6.4-12.8 12.8v134.4c0 6.4 6.4 12.8 12.8 12.8zM496 400H48V80c0-8.84-7.16-16-16-16H16C7.16 64 0 71.16 0 80v336c0 17.67 14.33 32 32 32h464c8.84 0 16-7.16 16-16v-16c0-8.84-7.16-16-16-16zm-387.2-48h22.4c6.4 0 12.8-6.4 12.8-12.8v-70.4c0-6.4-6.4-12.8-12.8-12.8h-22.4c-6.4 0-12.8 6.4-12.8 12.8v70.4c0 6.4 6.4 12.8 12.8 12.8z\" class=\"\"><\/path><\/svg><\/i> <img loading=\"lazy\" decoding=\"async\" width=\"16\" height=\"16\" alt=\"Loading\" src=\"https:\/\/blog.webgescom.pt\/blog\/wp-content\/plugins\/page-views-count\/ajax-loader-2x.gif\" border=0 \/><\/p>\n<div class=\"pvc_clear\"><\/div>\n","protected":false},"author":1,"featured_media":0,"comment_status":"open","ping_status":"open","sticky":false,"template":"","format":"standard","meta":{"neve_meta_sidebar":"","neve_meta_container":"","neve_meta_enable_content_width":"","neve_meta_content_width":0,"neve_meta_title_alignment":"","neve_meta_author_avatar":"","neve_post_elements_order":"","neve_meta_disable_header":"","neve_meta_disable_footer":"","neve_meta_disable_title":"","footnotes":""},"categories":[4],"tags":[255,119,108,99,43],"class_list":["post-1225","post","type-post","status-publish","format-standard","hentry","category-webgescom","tag-calendario","tag-faturacao","tag-faturas","tag-software-facturacao","tag-webgescom"],"aioseo_notices":[],"a3_pvc":{"activated":true,"total_views":28,"today_views":0},"_links":{"self":[{"href":"https:\/\/blog.webgescom.pt\/blog\/wp-json\/wp\/v2\/posts\/1225","targetHints":{"allow":["GET"]}}],"collection":[{"href":"https:\/\/blog.webgescom.pt\/blog\/wp-json\/wp\/v2\/posts"}],"about":[{"href":"https:\/\/blog.webgescom.pt\/blog\/wp-json\/wp\/v2\/types\/post"}],"author":[{"embeddable":true,"href":"https:\/\/blog.webgescom.pt\/blog\/wp-json\/wp\/v2\/users\/1"}],"replies":[{"embeddable":true,"href":"https:\/\/blog.webgescom.pt\/blog\/wp-json\/wp\/v2\/comments?post=1225"}],"version-history":[{"count":2,"href":"https:\/\/blog.webgescom.pt\/blog\/wp-json\/wp\/v2\/posts\/1225\/revisions"}],"predecessor-version":[{"id":1233,"href":"https:\/\/blog.webgescom.pt\/blog\/wp-json\/wp\/v2\/posts\/1225\/revisions\/1233"}],"wp:attachment":[{"href":"https:\/\/blog.webgescom.pt\/blog\/wp-json\/wp\/v2\/media?parent=1225"}],"wp:term":[{"taxonomy":"category","embeddable":true,"href":"https:\/\/blog.webgescom.pt\/blog\/wp-json\/wp\/v2\/categories?post=1225"},{"taxonomy":"post_tag","embeddable":true,"href":"https:\/\/blog.webgescom.pt\/blog\/wp-json\/wp\/v2\/tags?post=1225"}],"curies":[{"name":"wp","href":"https:\/\/api.w.org\/{rel}","templated":true}]}}