{"id":1123,"date":"2023-04-14T17:28:33","date_gmt":"2023-04-14T17:28:33","guid":{"rendered":"https:\/\/nmbm.biz\/sitio\/?p=1123"},"modified":"2023-04-14T17:43:45","modified_gmt":"2023-04-14T17:43:45","slug":"webgescom-isencao-de-iva-nos-bens-alimentares","status":"publish","type":"post","link":"https:\/\/blog.webgescom.pt\/blog\/webgescom-isencao-de-iva-nos-bens-alimentares\/","title":{"rendered":"Webgescom &#8211; Isen\u00e7\u00e3o de IVA nos bens alimentares"},"content":{"rendered":"\n<p>A isen\u00e7\u00e3o de IVA nos bens alimentares, consagrada na Lei 17\/2023 de 14 de Abril, veio estabelecer um novo motivo de isen\u00e7\u00e3o de IVA, o M26, que deve ser indicado em cada produto que esteja inclu\u00eddo na lista de bens alimentares constantes na referida lei.<\/p>\n\n\n\n<p>Assim, na caracteriza\u00e7\u00e3o dos produtos(<sup>a<\/sup>) do Webgescom, o utilizador deve editar a ficha de produto e, para al\u00e9m de mudar a taxa de IVA para Isento (1), deve aplicar o respetivo motivo (2) &#8211; M26.<\/p>\n\n\n\n<p class=\"has-small-font-size\">(<sup>a<\/sup>) No menu principal escolha Produtos -&gt; Produtos e Servi\u00e7os. Cique no ecr\u00e3 para editar a ficha de produto.<\/p>\n\n\n\n<hr class=\"wp-block-separator has-alpha-channel-opacity\"\/>\n\n\n\n<figure class=\"wp-block-image size-large\"><img loading=\"lazy\" decoding=\"async\" width=\"1024\" height=\"104\" src=\"https:\/\/nmbm.biz\/sitio\/wp-content\/uploads\/2023\/04\/isencao-iva-cabaz-alimentar-1024x104.png\" alt=\"Instru\u00e7\u00f5es Altera\u00e7\u00e3o do IVA produtos alimentares\" class=\"wp-image-1128\" srcset=\"https:\/\/blog.webgescom.pt\/blog\/wp-content\/uploads\/2023\/04\/isencao-iva-cabaz-alimentar-1024x104.png 1024w, https:\/\/blog.webgescom.pt\/blog\/wp-content\/uploads\/2023\/04\/isencao-iva-cabaz-alimentar-300x30.png 300w, https:\/\/blog.webgescom.pt\/blog\/wp-content\/uploads\/2023\/04\/isencao-iva-cabaz-alimentar-768x78.png 768w, https:\/\/blog.webgescom.pt\/blog\/wp-content\/uploads\/2023\/04\/isencao-iva-cabaz-alimentar.png 1047w\" sizes=\"auto, (max-width: 1024px) 100vw, 1024px\" \/><\/figure>\n\n\n\n<hr class=\"wp-block-separator has-alpha-channel-opacity\"\/>\n\n\n\n<p>Estas altera\u00e7\u00f5es entram em vigor no pr\u00f3ximo dia 18 de Abril. Recomendamos esta altera\u00e7\u00e3o nos registos de produtos ap\u00f3s toda a fatura\u00e7\u00e3o at\u00e9 dia 17 de Abril e antes de iniciar a fatura\u00e7\u00e3o de dia 18 em diante.<\/p>\n\n\n\n<p>A tabela de motivos de isen\u00e7\u00e3o do IVA j\u00e1 foi atualizada no Webgescom. Fica aqui, tamb\u00e9m, uma c\u00f3pia em PDF da Lei 17\/2023.<\/p>\n\n\n\n<div data-wp-interactive=\"core\/file\" class=\"wp-block-file\"><object data-wp-bind--hidden=\"!state.hasPdfPreview\" hidden class=\"wp-block-file__embed\" data=\"https:\/\/nmbm.biz\/sitio\/wp-content\/uploads\/2023\/04\/lei_17_2023_isencao_iva_bens_alimentares.pdf\" type=\"application\/pdf\" style=\"width:100%;height:600px\" aria-label=\"Incorpora\u00e7\u00e3o de Lei 17\/2023 Isen\u00e7\u00e3o IVA Bens Alimentares.\"><\/object><a id=\"wp-block-file--media-a1d1914c-ab8d-4cab-b8d3-623cff69b2f0\" href=\"https:\/\/nmbm.biz\/sitio\/wp-content\/uploads\/2023\/04\/lei_17_2023_isencao_iva_bens_alimentares.pdf\">Lei 17\/2023 Isen\u00e7\u00e3o IVA Bens Alimentares<\/a><a href=\"https:\/\/nmbm.biz\/sitio\/wp-content\/uploads\/2023\/04\/lei_17_2023_isencao_iva_bens_alimentares.pdf\" class=\"wp-block-file__button wp-element-button\" download aria-describedby=\"wp-block-file--media-a1d1914c-ab8d-4cab-b8d3-623cff69b2f0\">Descarregar<\/a><\/div>\n<div class=\"pvc_clear\"><\/div><p id=\"pvc_stats_1123\" class=\"pvc_stats all  \" data-element-id=\"1123\" style=\"\"><i class=\"pvc-stats-icon small\" aria-hidden=\"true\"><svg aria-hidden=\"true\" focusable=\"false\" data-prefix=\"far\" data-icon=\"chart-bar\" role=\"img\" xmlns=\"http:\/\/www.w3.org\/2000\/svg\" viewBox=\"0 0 512 512\" class=\"svg-inline--fa fa-chart-bar fa-w-16 fa-2x\"><path fill=\"currentColor\" d=\"M396.8 352h22.4c6.4 0 12.8-6.4 12.8-12.8V108.8c0-6.4-6.4-12.8-12.8-12.8h-22.4c-6.4 0-12.8 6.4-12.8 12.8v230.4c0 6.4 6.4 12.8 12.8 12.8zm-192 0h22.4c6.4 0 12.8-6.4 12.8-12.8V140.8c0-6.4-6.4-12.8-12.8-12.8h-22.4c-6.4 0-12.8 6.4-12.8 12.8v198.4c0 6.4 6.4 12.8 12.8 12.8zm96 0h22.4c6.4 0 12.8-6.4 12.8-12.8V204.8c0-6.4-6.4-12.8-12.8-12.8h-22.4c-6.4 0-12.8 6.4-12.8 12.8v134.4c0 6.4 6.4 12.8 12.8 12.8zM496 400H48V80c0-8.84-7.16-16-16-16H16C7.16 64 0 71.16 0 80v336c0 17.67 14.33 32 32 32h464c8.84 0 16-7.16 16-16v-16c0-8.84-7.16-16-16-16zm-387.2-48h22.4c6.4 0 12.8-6.4 12.8-12.8v-70.4c0-6.4-6.4-12.8-12.8-12.8h-22.4c-6.4 0-12.8 6.4-12.8 12.8v70.4c0 6.4 6.4 12.8 12.8 12.8z\" class=\"\"><\/path><\/svg><\/i> <img loading=\"lazy\" decoding=\"async\" width=\"16\" height=\"16\" alt=\"Loading\" src=\"https:\/\/blog.webgescom.pt\/blog\/wp-content\/plugins\/page-views-count\/ajax-loader-2x.gif\" border=0 \/><\/p><div class=\"pvc_clear\"><\/div>","protected":false},"excerpt":{"rendered":"<p>A isen\u00e7\u00e3o de IVA nos bens alimentares, consagrada na Lei 17\/2023 de 14 de Abril, veio estabelecer um novo motivo de isen\u00e7\u00e3o de IVA, o M26, que deve ser indicado em cada produto que esteja inclu\u00eddo na lista de bens alimentares constantes na referida lei.<\/p>\n<div class=\"pvc_clear\"><\/div>\n<p id=\"pvc_stats_1123\" class=\"pvc_stats all  \" data-element-id=\"1123\" style=\"\"><i class=\"pvc-stats-icon small\" aria-hidden=\"true\"><svg aria-hidden=\"true\" focusable=\"false\" data-prefix=\"far\" data-icon=\"chart-bar\" role=\"img\" xmlns=\"http:\/\/www.w3.org\/2000\/svg\" viewBox=\"0 0 512 512\" class=\"svg-inline--fa fa-chart-bar fa-w-16 fa-2x\"><path fill=\"currentColor\" d=\"M396.8 352h22.4c6.4 0 12.8-6.4 12.8-12.8V108.8c0-6.4-6.4-12.8-12.8-12.8h-22.4c-6.4 0-12.8 6.4-12.8 12.8v230.4c0 6.4 6.4 12.8 12.8 12.8zm-192 0h22.4c6.4 0 12.8-6.4 12.8-12.8V140.8c0-6.4-6.4-12.8-12.8-12.8h-22.4c-6.4 0-12.8 6.4-12.8 12.8v198.4c0 6.4 6.4 12.8 12.8 12.8zm96 0h22.4c6.4 0 12.8-6.4 12.8-12.8V204.8c0-6.4-6.4-12.8-12.8-12.8h-22.4c-6.4 0-12.8 6.4-12.8 12.8v134.4c0 6.4 6.4 12.8 12.8 12.8zM496 400H48V80c0-8.84-7.16-16-16-16H16C7.16 64 0 71.16 0 80v336c0 17.67 14.33 32 32 32h464c8.84 0 16-7.16 16-16v-16c0-8.84-7.16-16-16-16zm-387.2-48h22.4c6.4 0 12.8-6.4 12.8-12.8v-70.4c0-6.4-6.4-12.8-12.8-12.8h-22.4c-6.4 0-12.8 6.4-12.8 12.8v70.4c0 6.4 6.4 12.8 12.8 12.8z\" class=\"\"><\/path><\/svg><\/i> <img loading=\"lazy\" decoding=\"async\" width=\"16\" height=\"16\" alt=\"Loading\" src=\"https:\/\/blog.webgescom.pt\/blog\/wp-content\/plugins\/page-views-count\/ajax-loader-2x.gif\" border=0 \/><\/p>\n<div class=\"pvc_clear\"><\/div>\n","protected":false},"author":1,"featured_media":0,"comment_status":"open","ping_status":"open","sticky":false,"template":"","format":"standard","meta":{"neve_meta_sidebar":"","neve_meta_container":"","neve_meta_enable_content_width":"","neve_meta_content_width":0,"neve_meta_title_alignment":"","neve_meta_author_avatar":"","neve_post_elements_order":"","neve_meta_disable_header":"","neve_meta_disable_footer":"","neve_meta_disable_title":"","footnotes":""},"categories":[173,4,23],"tags":[21,250,249,99,43],"class_list":["post-1123","post","type-post","status-publish","format-standard","hentry","category-faturacao","category-webgescom","category-webgescom-pos","tag-autoridade-tributaria","tag-cabaz-alimentar","tag-lei-17-2023","tag-software-facturacao","tag-webgescom"],"aioseo_notices":[],"a3_pvc":{"activated":true,"total_views":171,"today_views":0},"_links":{"self":[{"href":"https:\/\/blog.webgescom.pt\/blog\/wp-json\/wp\/v2\/posts\/1123","targetHints":{"allow":["GET"]}}],"collection":[{"href":"https:\/\/blog.webgescom.pt\/blog\/wp-json\/wp\/v2\/posts"}],"about":[{"href":"https:\/\/blog.webgescom.pt\/blog\/wp-json\/wp\/v2\/types\/post"}],"author":[{"embeddable":true,"href":"https:\/\/blog.webgescom.pt\/blog\/wp-json\/wp\/v2\/users\/1"}],"replies":[{"embeddable":true,"href":"https:\/\/blog.webgescom.pt\/blog\/wp-json\/wp\/v2\/comments?post=1123"}],"version-history":[{"count":6,"href":"https:\/\/blog.webgescom.pt\/blog\/wp-json\/wp\/v2\/posts\/1123\/revisions"}],"predecessor-version":[{"id":1134,"href":"https:\/\/blog.webgescom.pt\/blog\/wp-json\/wp\/v2\/posts\/1123\/revisions\/1134"}],"wp:attachment":[{"href":"https:\/\/blog.webgescom.pt\/blog\/wp-json\/wp\/v2\/media?parent=1123"}],"wp:term":[{"taxonomy":"category","embeddable":true,"href":"https:\/\/blog.webgescom.pt\/blog\/wp-json\/wp\/v2\/categories?post=1123"},{"taxonomy":"post_tag","embeddable":true,"href":"https:\/\/blog.webgescom.pt\/blog\/wp-json\/wp\/v2\/tags?post=1123"}],"curies":[{"name":"wp","href":"https:\/\/api.w.org\/{rel}","templated":true}]}}