{"id":1065,"date":"2022-09-03T11:23:46","date_gmt":"2022-09-03T11:23:46","guid":{"rendered":"https:\/\/nmbm.biz\/sitio\/?p=1065"},"modified":"2022-09-03T11:25:12","modified_gmt":"2022-09-03T11:25:12","slug":"casa-de-repouso-brisamar-lar-de-idosos-em-sintra","status":"publish","type":"post","link":"https:\/\/blog.webgescom.pt\/blog\/casa-de-repouso-brisamar-lar-de-idosos-em-sintra\/","title":{"rendered":"Casa de Repouso Brisamar &#8211; Lar de Idosos em Sintra"},"content":{"rendered":"\n<p><em>A&nbsp;<\/em>Casa de Repouso Brisamar, a funcionar desde 2013, \u00e9 uma institui\u00e7\u00e3o privada que presta servi\u00e7os de acolhimento a idosos.<\/p>\n\n\n\n<p>Localizada na Freguesia de S\u00e3o Jo\u00e3o das Lampas, a Casa de Repouso Brisamar, situa-se em plena zona rural de Sintra, entre o campo e o mar.<\/p>\n\n\n\n<p>A casa de repouso utiliza o Webgescom desde 2018. Saiba mais sobre este lar de idosos na <a rel=\"noreferrer noopener\" href=\"https:\/\/casaderepousobrisamar.pt\" data-type=\"URL\" data-id=\"https:\/\/casaderepousobrisamar.pt\" target=\"_blank\">p\u00e1gina da institui\u00e7\u00e3o na Internet<\/a>.<\/p>\n<div class=\"pvc_clear\"><\/div><p id=\"pvc_stats_1065\" class=\"pvc_stats all  \" data-element-id=\"1065\" style=\"\"><i class=\"pvc-stats-icon small\" aria-hidden=\"true\"><svg aria-hidden=\"true\" focusable=\"false\" data-prefix=\"far\" data-icon=\"chart-bar\" role=\"img\" xmlns=\"http:\/\/www.w3.org\/2000\/svg\" viewBox=\"0 0 512 512\" class=\"svg-inline--fa fa-chart-bar fa-w-16 fa-2x\"><path fill=\"currentColor\" d=\"M396.8 352h22.4c6.4 0 12.8-6.4 12.8-12.8V108.8c0-6.4-6.4-12.8-12.8-12.8h-22.4c-6.4 0-12.8 6.4-12.8 12.8v230.4c0 6.4 6.4 12.8 12.8 12.8zm-192 0h22.4c6.4 0 12.8-6.4 12.8-12.8V140.8c0-6.4-6.4-12.8-12.8-12.8h-22.4c-6.4 0-12.8 6.4-12.8 12.8v198.4c0 6.4 6.4 12.8 12.8 12.8zm96 0h22.4c6.4 0 12.8-6.4 12.8-12.8V204.8c0-6.4-6.4-12.8-12.8-12.8h-22.4c-6.4 0-12.8 6.4-12.8 12.8v134.4c0 6.4 6.4 12.8 12.8 12.8zM496 400H48V80c0-8.84-7.16-16-16-16H16C7.16 64 0 71.16 0 80v336c0 17.67 14.33 32 32 32h464c8.84 0 16-7.16 16-16v-16c0-8.84-7.16-16-16-16zm-387.2-48h22.4c6.4 0 12.8-6.4 12.8-12.8v-70.4c0-6.4-6.4-12.8-12.8-12.8h-22.4c-6.4 0-12.8 6.4-12.8 12.8v70.4c0 6.4 6.4 12.8 12.8 12.8z\" class=\"\"><\/path><\/svg><\/i> <img loading=\"lazy\" decoding=\"async\" width=\"16\" height=\"16\" alt=\"Loading\" src=\"https:\/\/blog.webgescom.pt\/blog\/wp-content\/plugins\/page-views-count\/ajax-loader-2x.gif\" border=0 \/><\/p><div class=\"pvc_clear\"><\/div>","protected":false},"excerpt":{"rendered":"<p>A\u00a0Casa de Repouso Brisamar, a funcionar desde 2013, \u00e9 uma institui\u00e7\u00e3o privada que presta servi\u00e7os de acolhimento a idosos.<\/p>\n<div class=\"pvc_clear\"><\/div>\n<p id=\"pvc_stats_1065\" class=\"pvc_stats all  \" data-element-id=\"1065\" style=\"\"><i class=\"pvc-stats-icon small\" aria-hidden=\"true\"><svg aria-hidden=\"true\" focusable=\"false\" data-prefix=\"far\" data-icon=\"chart-bar\" role=\"img\" xmlns=\"http:\/\/www.w3.org\/2000\/svg\" viewBox=\"0 0 512 512\" class=\"svg-inline--fa fa-chart-bar fa-w-16 fa-2x\"><path fill=\"currentColor\" d=\"M396.8 352h22.4c6.4 0 12.8-6.4 12.8-12.8V108.8c0-6.4-6.4-12.8-12.8-12.8h-22.4c-6.4 0-12.8 6.4-12.8 12.8v230.4c0 6.4 6.4 12.8 12.8 12.8zm-192 0h22.4c6.4 0 12.8-6.4 12.8-12.8V140.8c0-6.4-6.4-12.8-12.8-12.8h-22.4c-6.4 0-12.8 6.4-12.8 12.8v198.4c0 6.4 6.4 12.8 12.8 12.8zm96 0h22.4c6.4 0 12.8-6.4 12.8-12.8V204.8c0-6.4-6.4-12.8-12.8-12.8h-22.4c-6.4 0-12.8 6.4-12.8 12.8v134.4c0 6.4 6.4 12.8 12.8 12.8zM496 400H48V80c0-8.84-7.16-16-16-16H16C7.16 64 0 71.16 0 80v336c0 17.67 14.33 32 32 32h464c8.84 0 16-7.16 16-16v-16c0-8.84-7.16-16-16-16zm-387.2-48h22.4c6.4 0 12.8-6.4 12.8-12.8v-70.4c0-6.4-6.4-12.8-12.8-12.8h-22.4c-6.4 0-12.8 6.4-12.8 12.8v70.4c0 6.4 6.4 12.8 12.8 12.8z\" class=\"\"><\/path><\/svg><\/i> <img loading=\"lazy\" decoding=\"async\" width=\"16\" height=\"16\" alt=\"Loading\" src=\"https:\/\/blog.webgescom.pt\/blog\/wp-content\/plugins\/page-views-count\/ajax-loader-2x.gif\" border=0 \/><\/p>\n<div class=\"pvc_clear\"><\/div>\n","protected":false},"author":1,"featured_media":1066,"comment_status":"open","ping_status":"open","sticky":false,"template":"","format":"standard","meta":{"neve_meta_sidebar":"","neve_meta_container":"","neve_meta_enable_content_width":"","neve_meta_content_width":0,"neve_meta_title_alignment":"","neve_meta_author_avatar":"","neve_post_elements_order":"","neve_meta_disable_header":"","neve_meta_disable_footer":"","neve_meta_disable_title":"","footnotes":""},"categories":[28],"tags":[242,243,43],"class_list":["post-1065","post","type-post","status-publish","format-standard","has-post-thumbnail","hentry","category-clientes","tag-lar-de-idosos","tag-residencia-senior","tag-webgescom"],"aioseo_notices":[],"a3_pvc":{"activated":true,"total_views":343,"today_views":0},"_links":{"self":[{"href":"https:\/\/blog.webgescom.pt\/blog\/wp-json\/wp\/v2\/posts\/1065","targetHints":{"allow":["GET"]}}],"collection":[{"href":"https:\/\/blog.webgescom.pt\/blog\/wp-json\/wp\/v2\/posts"}],"about":[{"href":"https:\/\/blog.webgescom.pt\/blog\/wp-json\/wp\/v2\/types\/post"}],"author":[{"embeddable":true,"href":"https:\/\/blog.webgescom.pt\/blog\/wp-json\/wp\/v2\/users\/1"}],"replies":[{"embeddable":true,"href":"https:\/\/blog.webgescom.pt\/blog\/wp-json\/wp\/v2\/comments?post=1065"}],"version-history":[{"count":2,"href":"https:\/\/blog.webgescom.pt\/blog\/wp-json\/wp\/v2\/posts\/1065\/revisions"}],"predecessor-version":[{"id":1069,"href":"https:\/\/blog.webgescom.pt\/blog\/wp-json\/wp\/v2\/posts\/1065\/revisions\/1069"}],"wp:featuredmedia":[{"embeddable":true,"href":"https:\/\/blog.webgescom.pt\/blog\/wp-json\/wp\/v2\/media\/1066"}],"wp:attachment":[{"href":"https:\/\/blog.webgescom.pt\/blog\/wp-json\/wp\/v2\/media?parent=1065"}],"wp:term":[{"taxonomy":"category","embeddable":true,"href":"https:\/\/blog.webgescom.pt\/blog\/wp-json\/wp\/v2\/categories?post=1065"},{"taxonomy":"post_tag","embeddable":true,"href":"https:\/\/blog.webgescom.pt\/blog\/wp-json\/wp\/v2\/tags?post=1065"}],"curies":[{"name":"wp","href":"https:\/\/api.w.org\/{rel}","templated":true}]}}